{"id":8005,"date":"2019-04-06T10:00:16","date_gmt":"2019-04-06T13:00:16","guid":{"rendered":"https:\/\/www.tecmaniaco.com\/?p=8005"},"modified":"2019-05-29T19:05:31","modified_gmt":"2019-05-29T19:05:31","slug":"internet-das-coisas-ja-ouviu-falar","status":"publish","type":"post","link":"https:\/\/www.edicarlos.com\/en\/internet-das-coisas-ja-ouviu-falar\/","title":{"rendered":"Internet das coisas, j\u00e1 ouviu falar?"},"content":{"rendered":"<figure class=\"wp-block-image\"><img decoding=\"async\" class=\"wp-image-8006 aligncenter\" src=\"https:\/\/www.tecmaniaco.com\/wp-content\/uploads\/2019\/04\/internet-das-coisas-of-things.png\" alt=\"\" \/>\r\n<figcaption>Internet das Coisas (Internet of Things &#8211; IoT)<\/figcaption>\r\n<\/figure>\r\n\r\n\r\n\r\n<p>Cada vez mais o termo vem se popularizando entre o pessoal mais ligado a novas tecnologias. Mas \u00e9 importante voc\u00ea saber &#8211; entusiasta ou n\u00e3o, at\u00e9 porque cada vez mais temos equipamentos fazendo parte desta categoria. Sabe aquele equipamento que se conecta a internet e permite que voc\u00ea controle remotamente? Ele j\u00e1 faz parte da categoria.<\/p>\r\n\r\n\r\n\r\n<p><!--more--><\/p>\r\n\r\n\r\n\r\n<p><br \/>Tecnicamente n\u00e3o \u00e9 t\u00e3o simples, mas a compreens\u00e3o pode ser facilitada:<\/p>\r\n\r\n\r\n\r\n<p>Internet das Coisas nada mais \u00e9 do que equipamentos e sensores que contam com algum tipo de intera\u00e7\u00e3o entre si via internet e podem ser monitorados e ou controlados remotamente.<\/p>\r\n<p>Exemplo: \u00e0s 11h quero que a panela de cozimento ligue, as luzes da sala acendam e a TV ligue na programa\u00e7\u00e3o pr\u00e9 definida. Isso \u00e9 perfeitamente poss\u00edvel e acess\u00edvel hoje atrav\u00e9s de aplicativos no seu celular que ir\u00e3o enviar comandos para estes aparelhos na condi\u00e7\u00e3o definida por voc\u00ea (hor\u00e1rio, localiza\u00e7\u00e3o, etc)<\/p>\r\n<p>&#8220;Vou precisar trocar meus equipamentos para aproveitar as facilidades?&#8221; A resposta \u00e9: N\u00c3O. A rea\u00e7\u00e3o atual do mercado est\u00e1 sendo o desenvolvimento de dispositivos controladores. J\u00e1 temos controladores para tomadas, quadros de energia e mais uma infinidade de dispositivos surgindo diariamente.<\/p>","protected":false},"excerpt":{"rendered":"<p>Cada vez mais o termo vem se popularizando entre o pessoal mais ligado a novas tecnologias. Mas \u00e9 importante voc\u00ea saber &#8211; entusiasta ou n\u00e3o, at\u00e9 porque cada vez mais temos equipamentos fazendo parte desta categoria. Sabe aquele equipamento que se conecta a internet e permite que voc\u00ea controle remotamente? Ele j\u00e1 faz parte da &hellip; <a href=\"https:\/\/www.edicarlos.com\/en\/internet-das-coisas-ja-ouviu-falar\/\" class=\"more-link\">Continue reading <span class=\"screen-reader-text\">Internet das coisas, j\u00e1 ouviu falar?<\/span><\/a><\/p>","protected":false},"author":1,"featured_media":8006,"comment_status":"open","ping_status":"open","sticky":false,"template":"","format":"standard","meta":{"episode_type":"","audio_file":"","cover_image":"","cover_image_id":"","duration":"","filesize":"","filesize_raw":"","date_recorded":"","explicit":"","block":"","itunes_episode_number":"","itunes_title":"","itunes_season_number":"","itunes_episode_type":"","_jetpack_memberships_contains_paid_content":false,"footnotes":""},"categories":[5,6],"tags":[4,7],"class_list":["post-8005","post","type-post","status-publish","format-standard","has-post-thumbnail","hentry","category-artigo","category-internet-das-coisas","tag-internet-das-coisas","tag-internet-of-things"],"yoast_head":"<!-- This site is optimized with the Yoast SEO plugin v27.0 - https:\/\/yoast.com\/product\/yoast-seo-wordpress\/ -->\n<title>Internet das coisas, j\u00e1 ouviu falar? - Blog do Edi<\/title>\n<meta name=\"robots\" content=\"index, follow, max-snippet:-1, max-image-preview:large, max-video-preview:-1\" \/>\n<link rel=\"canonical\" href=\"https:\/\/www.edicarlos.com\/en\/internet-das-coisas-ja-ouviu-falar\/\" \/>\n<meta property=\"og:locale\" content=\"en_US\" \/>\n<meta property=\"og:type\" content=\"article\" \/>\n<meta property=\"og:title\" content=\"Internet das coisas, j\u00e1 ouviu falar? - Blog do Edi\" \/>\n<meta property=\"og:description\" content=\"Cada vez mais o termo vem se popularizando entre o pessoal mais ligado a novas tecnologias. Mas \u00e9 importante voc\u00ea saber &#8211; entusiasta ou n\u00e3o, at\u00e9 porque cada vez mais temos equipamentos fazendo parte desta categoria. Sabe aquele equipamento que se conecta a internet e permite que voc\u00ea controle remotamente? Ele j\u00e1 faz parte da &hellip; Continue reading Internet das coisas, j\u00e1 ouviu falar?\" \/>\n<meta property=\"og:url\" content=\"https:\/\/www.edicarlos.com\/en\/internet-das-coisas-ja-ouviu-falar\/\" \/>\n<meta property=\"og:site_name\" content=\"Blog do Edi\" \/>\n<meta property=\"article:published_time\" content=\"2019-04-06T13:00:16+00:00\" \/>\n<meta property=\"article:modified_time\" content=\"2019-05-29T19:05:31+00:00\" \/>\n<meta name=\"author\" content=\"Edi Carlos\" \/>\n<meta name=\"twitter:card\" content=\"summary_large_image\" \/>\n<meta name=\"twitter:label1\" content=\"Written by\" \/>\n\t<meta name=\"twitter:data1\" content=\"Edi Carlos\" \/>\n\t<meta name=\"twitter:label2\" content=\"Est. reading time\" \/>\n\t<meta name=\"twitter:data2\" content=\"1 minute\" \/>\n<script type=\"application\/ld+json\" class=\"yoast-schema-graph\">{\"@context\":\"https:\/\/schema.org\",\"@graph\":[{\"@type\":\"Article\",\"@id\":\"https:\/\/www.edicarlos.com\/internet-das-coisas-ja-ouviu-falar\/#article\",\"isPartOf\":{\"@id\":\"https:\/\/www.edicarlos.com\/internet-das-coisas-ja-ouviu-falar\/\"},\"author\":{\"name\":\"Edi Carlos\",\"@id\":\"https:\/\/www.edicarlos.com\/#\/schema\/person\/a0245f65f2ea7eb2ff23e4ed315354a4\"},\"headline\":\"Internet das coisas, j\u00e1 ouviu falar?\",\"datePublished\":\"2019-04-06T13:00:16+00:00\",\"dateModified\":\"2019-05-29T19:05:31+00:00\",\"mainEntityOfPage\":{\"@id\":\"https:\/\/www.edicarlos.com\/internet-das-coisas-ja-ouviu-falar\/\"},\"wordCount\":213,\"commentCount\":0,\"image\":{\"@id\":\"https:\/\/www.edicarlos.com\/internet-das-coisas-ja-ouviu-falar\/#primaryimage\"},\"thumbnailUrl\":\"\",\"keywords\":[\"Internet das Coisas\",\"Internet of Things\"],\"articleSection\":[\"Artigo\",\"Internet das Coisas\"],\"inLanguage\":\"en-US\",\"potentialAction\":[{\"@type\":\"CommentAction\",\"name\":\"Comment\",\"target\":[\"https:\/\/www.edicarlos.com\/internet-das-coisas-ja-ouviu-falar\/#respond\"]}]},{\"@type\":\"WebPage\",\"@id\":\"https:\/\/www.edicarlos.com\/internet-das-coisas-ja-ouviu-falar\/\",\"url\":\"https:\/\/www.edicarlos.com\/internet-das-coisas-ja-ouviu-falar\/\",\"name\":\"Internet das coisas, j\u00e1 ouviu falar? - Blog do Edi\",\"isPartOf\":{\"@id\":\"https:\/\/www.edicarlos.com\/#website\"},\"primaryImageOfPage\":{\"@id\":\"https:\/\/www.edicarlos.com\/internet-das-coisas-ja-ouviu-falar\/#primaryimage\"},\"image\":{\"@id\":\"https:\/\/www.edicarlos.com\/internet-das-coisas-ja-ouviu-falar\/#primaryimage\"},\"thumbnailUrl\":\"\",\"datePublished\":\"2019-04-06T13:00:16+00:00\",\"dateModified\":\"2019-05-29T19:05:31+00:00\",\"author\":{\"@id\":\"https:\/\/www.edicarlos.com\/#\/schema\/person\/a0245f65f2ea7eb2ff23e4ed315354a4\"},\"breadcrumb\":{\"@id\":\"https:\/\/www.edicarlos.com\/internet-das-coisas-ja-ouviu-falar\/#breadcrumb\"},\"inLanguage\":\"en-US\",\"potentialAction\":[{\"@type\":\"ReadAction\",\"target\":[\"https:\/\/www.edicarlos.com\/internet-das-coisas-ja-ouviu-falar\/\"]}]},{\"@type\":\"ImageObject\",\"inLanguage\":\"en-US\",\"@id\":\"https:\/\/www.edicarlos.com\/internet-das-coisas-ja-ouviu-falar\/#primaryimage\",\"url\":\"\",\"contentUrl\":\"\"},{\"@type\":\"BreadcrumbList\",\"@id\":\"https:\/\/www.edicarlos.com\/internet-das-coisas-ja-ouviu-falar\/#breadcrumb\",\"itemListElement\":[{\"@type\":\"ListItem\",\"position\":1,\"name\":\"In\u00edcio\",\"item\":\"https:\/\/www.edicarlos.com\/\"},{\"@type\":\"ListItem\",\"position\":2,\"name\":\"Internet das coisas, j\u00e1 ouviu falar?\"}]},{\"@type\":\"WebSite\",\"@id\":\"https:\/\/www.edicarlos.com\/#website\",\"url\":\"https:\/\/www.edicarlos.com\/\",\"name\":\"Blog do Edi\",\"description\":\"Um pouco sobre redes, tecnologia e reflex\u00e3o\",\"potentialAction\":[{\"@type\":\"SearchAction\",\"target\":{\"@type\":\"EntryPoint\",\"urlTemplate\":\"https:\/\/www.edicarlos.com\/?s={search_term_string}\"},\"query-input\":{\"@type\":\"PropertyValueSpecification\",\"valueRequired\":true,\"valueName\":\"search_term_string\"}}],\"inLanguage\":\"en-US\"},{\"@type\":\"Person\",\"@id\":\"https:\/\/www.edicarlos.com\/#\/schema\/person\/a0245f65f2ea7eb2ff23e4ed315354a4\",\"name\":\"Edi Carlos\",\"image\":{\"@type\":\"ImageObject\",\"inLanguage\":\"en-US\",\"@id\":\"https:\/\/www.edicarlos.com\/#\/schema\/person\/image\/\",\"url\":\"https:\/\/secure.gravatar.com\/avatar\/fc3748049801ef64ce3f4fcfd8a76680b6c5381a2071bc5d54f387965efa7def?s=96&d=mm&r=g\",\"contentUrl\":\"https:\/\/secure.gravatar.com\/avatar\/fc3748049801ef64ce3f4fcfd8a76680b6c5381a2071bc5d54f387965efa7def?s=96&d=mm&r=g\",\"caption\":\"Edi Carlos\"},\"url\":\"https:\/\/www.edicarlos.com\/en\/author\/edicarlosac\/\"}]}<\/script>\n<!-- \/ Yoast SEO plugin. -->","yoast_head_json":{"title":"Internet das coisas, j\u00e1 ouviu falar? - Blog do Edi","robots":{"index":"index","follow":"follow","max-snippet":"max-snippet:-1","max-image-preview":"max-image-preview:large","max-video-preview":"max-video-preview:-1"},"canonical":"https:\/\/www.edicarlos.com\/en\/internet-das-coisas-ja-ouviu-falar\/","og_locale":"en_US","og_type":"article","og_title":"Internet das coisas, j\u00e1 ouviu falar? - Blog do Edi","og_description":"Cada vez mais o termo vem se popularizando entre o pessoal mais ligado a novas tecnologias. Mas \u00e9 importante voc\u00ea saber &#8211; entusiasta ou n\u00e3o, at\u00e9 porque cada vez mais temos equipamentos fazendo parte desta categoria. Sabe aquele equipamento que se conecta a internet e permite que voc\u00ea controle remotamente? Ele j\u00e1 faz parte da &hellip; Continue reading Internet das coisas, j\u00e1 ouviu falar?","og_url":"https:\/\/www.edicarlos.com\/en\/internet-das-coisas-ja-ouviu-falar\/","og_site_name":"Blog do Edi","article_published_time":"2019-04-06T13:00:16+00:00","article_modified_time":"2019-05-29T19:05:31+00:00","author":"Edi Carlos","twitter_card":"summary_large_image","twitter_misc":{"Written by":"Edi Carlos","Est. reading time":"1 minute"},"schema":{"@context":"https:\/\/schema.org","@graph":[{"@type":"Article","@id":"https:\/\/www.edicarlos.com\/internet-das-coisas-ja-ouviu-falar\/#article","isPartOf":{"@id":"https:\/\/www.edicarlos.com\/internet-das-coisas-ja-ouviu-falar\/"},"author":{"name":"Edi Carlos","@id":"https:\/\/www.edicarlos.com\/#\/schema\/person\/a0245f65f2ea7eb2ff23e4ed315354a4"},"headline":"Internet das coisas, j\u00e1 ouviu falar?","datePublished":"2019-04-06T13:00:16+00:00","dateModified":"2019-05-29T19:05:31+00:00","mainEntityOfPage":{"@id":"https:\/\/www.edicarlos.com\/internet-das-coisas-ja-ouviu-falar\/"},"wordCount":213,"commentCount":0,"image":{"@id":"https:\/\/www.edicarlos.com\/internet-das-coisas-ja-ouviu-falar\/#primaryimage"},"thumbnailUrl":"","keywords":["Internet das Coisas","Internet of Things"],"articleSection":["Artigo","Internet das Coisas"],"inLanguage":"en-US","potentialAction":[{"@type":"CommentAction","name":"Comment","target":["https:\/\/www.edicarlos.com\/internet-das-coisas-ja-ouviu-falar\/#respond"]}]},{"@type":"WebPage","@id":"https:\/\/www.edicarlos.com\/internet-das-coisas-ja-ouviu-falar\/","url":"https:\/\/www.edicarlos.com\/internet-das-coisas-ja-ouviu-falar\/","name":"Internet das coisas, j\u00e1 ouviu falar? - Blog do Edi","isPartOf":{"@id":"https:\/\/www.edicarlos.com\/#website"},"primaryImageOfPage":{"@id":"https:\/\/www.edicarlos.com\/internet-das-coisas-ja-ouviu-falar\/#primaryimage"},"image":{"@id":"https:\/\/www.edicarlos.com\/internet-das-coisas-ja-ouviu-falar\/#primaryimage"},"thumbnailUrl":"","datePublished":"2019-04-06T13:00:16+00:00","dateModified":"2019-05-29T19:05:31+00:00","author":{"@id":"https:\/\/www.edicarlos.com\/#\/schema\/person\/a0245f65f2ea7eb2ff23e4ed315354a4"},"breadcrumb":{"@id":"https:\/\/www.edicarlos.com\/internet-das-coisas-ja-ouviu-falar\/#breadcrumb"},"inLanguage":"en-US","potentialAction":[{"@type":"ReadAction","target":["https:\/\/www.edicarlos.com\/internet-das-coisas-ja-ouviu-falar\/"]}]},{"@type":"ImageObject","inLanguage":"en-US","@id":"https:\/\/www.edicarlos.com\/internet-das-coisas-ja-ouviu-falar\/#primaryimage","url":"","contentUrl":""},{"@type":"BreadcrumbList","@id":"https:\/\/www.edicarlos.com\/internet-das-coisas-ja-ouviu-falar\/#breadcrumb","itemListElement":[{"@type":"ListItem","position":1,"name":"In\u00edcio","item":"https:\/\/www.edicarlos.com\/"},{"@type":"ListItem","position":2,"name":"Internet das coisas, j\u00e1 ouviu falar?"}]},{"@type":"WebSite","@id":"https:\/\/www.edicarlos.com\/#website","url":"https:\/\/www.edicarlos.com\/","name":"The blog of Edi","description":"(pronounced \"Eddie\") A little about computer networks, technology and reflection","potentialAction":[{"@type":"SearchAction","target":{"@type":"EntryPoint","urlTemplate":"https:\/\/www.edicarlos.com\/?s={search_term_string}"},"query-input":{"@type":"PropertyValueSpecification","valueRequired":true,"valueName":"search_term_string"}}],"inLanguage":"en-US"},{"@type":"Person","@id":"https:\/\/www.edicarlos.com\/#\/schema\/person\/a0245f65f2ea7eb2ff23e4ed315354a4","name":"Edi Carlos","image":{"@type":"ImageObject","inLanguage":"en-US","@id":"https:\/\/www.edicarlos.com\/#\/schema\/person\/image\/","url":"https:\/\/secure.gravatar.com\/avatar\/fc3748049801ef64ce3f4fcfd8a76680b6c5381a2071bc5d54f387965efa7def?s=96&d=mm&r=g","contentUrl":"https:\/\/secure.gravatar.com\/avatar\/fc3748049801ef64ce3f4fcfd8a76680b6c5381a2071bc5d54f387965efa7def?s=96&d=mm&r=g","caption":"Edi Carlos"},"url":"https:\/\/www.edicarlos.com\/en\/author\/edicarlosac\/"}]}},"jetpack_featured_media_url":"","jetpack_sharing_enabled":true,"_links":{"self":[{"href":"https:\/\/www.edicarlos.com\/en\/wp-json\/wp\/v2\/posts\/8005","targetHints":{"allow":["GET"]}}],"collection":[{"href":"https:\/\/www.edicarlos.com\/en\/wp-json\/wp\/v2\/posts"}],"about":[{"href":"https:\/\/www.edicarlos.com\/en\/wp-json\/wp\/v2\/types\/post"}],"author":[{"embeddable":true,"href":"https:\/\/www.edicarlos.com\/en\/wp-json\/wp\/v2\/users\/1"}],"replies":[{"embeddable":true,"href":"https:\/\/www.edicarlos.com\/en\/wp-json\/wp\/v2\/comments?post=8005"}],"version-history":[{"count":2,"href":"https:\/\/www.edicarlos.com\/en\/wp-json\/wp\/v2\/posts\/8005\/revisions"}],"predecessor-version":[{"id":8025,"href":"https:\/\/www.edicarlos.com\/en\/wp-json\/wp\/v2\/posts\/8005\/revisions\/8025"}],"wp:featuredmedia":[{"embeddable":true,"href":"https:\/\/www.edicarlos.com\/en\/wp-json\/"}],"wp:attachment":[{"href":"https:\/\/www.edicarlos.com\/en\/wp-json\/wp\/v2\/media?parent=8005"}],"wp:term":[{"taxonomy":"category","embeddable":true,"href":"https:\/\/www.edicarlos.com\/en\/wp-json\/wp\/v2\/categories?post=8005"},{"taxonomy":"post_tag","embeddable":true,"href":"https:\/\/www.edicarlos.com\/en\/wp-json\/wp\/v2\/tags?post=8005"}],"curies":[{"name":"wp","href":"https:\/\/api.w.org\/{rel}","templated":true}]}}