{"id":8178,"date":"2022-12-24T14:35:20","date_gmt":"2022-12-24T17:35:20","guid":{"rendered":"https:\/\/www.edicarlos.com\/?p=8178"},"modified":"2023-08-19T15:34:06","modified_gmt":"2023-08-19T18:34:06","slug":"este-provavelmente-e-mais-1-dos-diversos-textos-de-fim-de-ano-e-nem-por-isso-ele-deveria-deixar-de-ser-escrito","status":"publish","type":"post","link":"https:\/\/www.edicarlos.com\/en\/este-provavelmente-e-mais-1-dos-diversos-textos-de-fim-de-ano-e-nem-por-isso-ele-deveria-deixar-de-ser-escrito\/","title":{"rendered":"Este provavelmente \u00e9 mais 1 dos diversos textos de fim de ano &#8211; e nem por isso ele deveria deixar de ser escrito."},"content":{"rendered":"<p>Em redes sociais \u00e9 bastante comum e natural somente o vi\u00e9s de sucesso e hist\u00f3rias apropriadas para acalentar os mais diversos sentimentos existentes. At\u00e9 agora isso s\u00e3o afirma\u00e7\u00f5es \u00f3bvias &#8211; aqui come\u00e7a o erro, \u00f3bvio para o autor, no caso eu.<!--more--><\/p>\n<p>A grande quest\u00e3o aqui \u00e9: sempre ao publicar algo, seja uma hist\u00f3ria de sucesso, fracasso, pontos de inflex\u00e3o, etc, bem escritos, ou n\u00e3o, dir\u00e3o muito sobre o autor. Por\u00e9m, no quesito interpreta\u00e7\u00e3o, ainda mais sobre o leitor. A voz, a\u00ed, na sua mente, lendo, por um momento me permite influenciar em seus pensamentos. Este o ponto, seus, n\u00e3o meus. Os mesmos poss\u00edveis pontos em que uma pessoa poderia, durante um exerc\u00edcio mental, presumir julgamentos e deixar de executar algo.<\/p>\n<p>Trazendo toda essa linha de pensamento para as mais diversas situa\u00e7\u00f5es, as seguintes reflex\u00f5es s\u00e3o dadas:<\/p>\n<p>&#8211; Algo feito pela massa, nem sempre estar\u00e1 errado. Em grande parte do momento pode ser a melhor op\u00e7\u00e3o dispon\u00edvel. \u00c9 mais sobre o momento do que o movimento propriamente dito. Ir contra, somente por ser contr\u00e1rio, certamente estar\u00e1 t\u00e3o errado quanto seguir o fluxo irracionalmente &#8211; na hora de assumir os resultados eles ser\u00e3o seus, seja ele bom ou ruim, no fluxo ou contrafluxo. Sigo eu aqui, a exemplo, neste fluxo do &#8220;text\u00e3o de boas festas&#8221;, rs.<\/p>\n<p>&#8211; As celebra\u00e7\u00f5es e compartilhamento de sucesso s\u00e3o, sim, excelentes maneiras de demonstrar conquistas. A motiva\u00e7\u00e3o do ponto de vista do autor (ostenta\u00e7\u00e3o? Real anseio de compartilhar?) diz muito sobre autor, ainda mais sobre o leitor, esse \u00faltimo podendo absorver como uma afronta, tanto quanto um exemplo de possibilidades entre as tantas poss\u00edveis. Sim, o maior peso estar\u00e1 na maneira em que voc\u00ea interpreta, e n\u00e3o tanto no que de fato me motiva &#8211; pra voc\u00ea, leitor, pouco importa minha motiva\u00e7\u00e3o, em geral. Pode ser mais um texto, somente.<\/p>\n<p>&#8211; O &#8220;\u00f3bvio&#8221; \u00e9 t\u00e3o subjetivo quanto &#8220;bom e ruim&#8221;. O exerc\u00edcio de considerar muitas coisas \u00f3bvias pode ser uma leve tend\u00eancia ao ego\u00edsmo, at\u00e9 porque se eu acho algo \u00f3bvio, nada mais preciso aprender. Nem mesmo a interpreta\u00e7\u00e3o desse texto, um tanto quanto, possa parecer em parte, \u00f3bvia para mim, n\u00e3o \u00e9 para ningu\u00e9m mais &#8211; aqui seria pior, pois posso passar a pensar &#8220;saber mais do que algu\u00e9m&#8221;. No conjunto, sempre h\u00e1 perspectivas diferentes para mesmos problemas, ou mesmo que t\u00e3o objetivas quanto a matem\u00e1tica, aplica\u00e7\u00f5es e abordagens diferentes para resultados iguais &#8211; quanto tempo demorou? Qual caneta usou? Papel? Computador? Cola?<\/p>\n<p>A mensagem que quis passar aqui \u00e9, seja como for, \u00e9 essencial o exerc\u00edcio do autoconhecimento. Investir, o tempo poss\u00edvel, em conhecer o &#8220;eu&#8221; a que somos obrigados a conviver desde sempre. Nossas distor\u00e7\u00f5es e percep\u00e7\u00f5es normalmente falam muito mais de n\u00f3s do que do outro. Aceitar a discord\u00e2ncia \u00e9 o que tamb\u00e9m nos faz evoluir &#8211; sempre evolu\u00edmos mais no caos do que na paz, isso tamb\u00e9m n\u00e3o torna o caos algo bom \ud83d\ude01.<\/p>\n<p>Boas festas!<\/p>","protected":false},"excerpt":{"rendered":"<p>Em redes sociais \u00e9 bastante comum e natural somente o vi\u00e9s de sucesso e hist\u00f3rias apropriadas para acalentar os mais diversos sentimentos existentes. At\u00e9 agora isso s\u00e3o afirma\u00e7\u00f5es \u00f3bvias &#8211; aqui come\u00e7a o erro, \u00f3bvio para o autor, no caso eu.<\/p>","protected":false},"author":1,"featured_media":0,"comment_status":"open","ping_status":"open","sticky":false,"template":"","format":"standard","meta":{"episode_type":"","audio_file":"","cover_image":"","cover_image_id":"","duration":"","filesize":"","filesize_raw":"","date_recorded":"","explicit":"","block":"","itunes_episode_number":"","itunes_title":"","itunes_season_number":"","itunes_episode_type":"","_jetpack_memberships_contains_paid_content":false,"footnotes":""},"categories":[1],"tags":[],"class_list":["post-8178","post","type-post","status-publish","format-standard","hentry","category-uncategorized"],"yoast_head":"<!-- This site is optimized with the Yoast SEO plugin v27.0 - https:\/\/yoast.com\/product\/yoast-seo-wordpress\/ -->\n<title>Este provavelmente \u00e9 mais 1 dos diversos textos de fim de ano - e nem por isso ele deveria deixar de ser escrito. - Blog do Edi<\/title>\n<meta name=\"robots\" content=\"index, follow, max-snippet:-1, max-image-preview:large, max-video-preview:-1\" \/>\n<link rel=\"canonical\" href=\"https:\/\/www.edicarlos.com\/en\/este-provavelmente-e-mais-1-dos-diversos-textos-de-fim-de-ano-e-nem-por-isso-ele-deveria-deixar-de-ser-escrito\/\" \/>\n<meta property=\"og:locale\" content=\"en_US\" \/>\n<meta property=\"og:type\" content=\"article\" \/>\n<meta property=\"og:title\" content=\"Este provavelmente \u00e9 mais 1 dos diversos textos de fim de ano - e nem por isso ele deveria deixar de ser escrito. - Blog do Edi\" \/>\n<meta property=\"og:description\" content=\"Em redes sociais \u00e9 bastante comum e natural somente o vi\u00e9s de sucesso e hist\u00f3rias apropriadas para acalentar os mais diversos sentimentos existentes. At\u00e9 agora isso s\u00e3o afirma\u00e7\u00f5es \u00f3bvias &#8211; aqui come\u00e7a o erro, \u00f3bvio para o autor, no caso eu.\" \/>\n<meta property=\"og:url\" content=\"https:\/\/www.edicarlos.com\/en\/este-provavelmente-e-mais-1-dos-diversos-textos-de-fim-de-ano-e-nem-por-isso-ele-deveria-deixar-de-ser-escrito\/\" \/>\n<meta property=\"og:site_name\" content=\"Blog do Edi\" \/>\n<meta property=\"article:published_time\" content=\"2022-12-24T17:35:20+00:00\" \/>\n<meta property=\"article:modified_time\" content=\"2023-08-19T18:34:06+00:00\" \/>\n<meta name=\"author\" content=\"Edi Carlos\" \/>\n<meta name=\"twitter:card\" content=\"summary_large_image\" \/>\n<meta name=\"twitter:label1\" content=\"Written by\" \/>\n\t<meta name=\"twitter:data1\" content=\"Edi Carlos\" \/>\n\t<meta name=\"twitter:label2\" content=\"Est. reading time\" \/>\n\t<meta name=\"twitter:data2\" content=\"3 minutes\" \/>\n<script type=\"application\/ld+json\" class=\"yoast-schema-graph\">{\"@context\":\"https:\/\/schema.org\",\"@graph\":[{\"@type\":\"Article\",\"@id\":\"https:\/\/www.edicarlos.com\/este-provavelmente-e-mais-1-dos-diversos-textos-de-fim-de-ano-e-nem-por-isso-ele-deveria-deixar-de-ser-escrito\/#article\",\"isPartOf\":{\"@id\":\"https:\/\/www.edicarlos.com\/este-provavelmente-e-mais-1-dos-diversos-textos-de-fim-de-ano-e-nem-por-isso-ele-deveria-deixar-de-ser-escrito\/\"},\"author\":{\"name\":\"Edi Carlos\",\"@id\":\"https:\/\/www.edicarlos.com\/#\/schema\/person\/a0245f65f2ea7eb2ff23e4ed315354a4\"},\"headline\":\"Este provavelmente \u00e9 mais 1 dos diversos textos de fim de ano &#8211; e nem por isso ele deveria deixar de ser escrito.\",\"datePublished\":\"2022-12-24T17:35:20+00:00\",\"dateModified\":\"2023-08-19T18:34:06+00:00\",\"mainEntityOfPage\":{\"@id\":\"https:\/\/www.edicarlos.com\/este-provavelmente-e-mais-1-dos-diversos-textos-de-fim-de-ano-e-nem-por-isso-ele-deveria-deixar-de-ser-escrito\/\"},\"wordCount\":548,\"commentCount\":0,\"inLanguage\":\"en-US\",\"potentialAction\":[{\"@type\":\"CommentAction\",\"name\":\"Comment\",\"target\":[\"https:\/\/www.edicarlos.com\/este-provavelmente-e-mais-1-dos-diversos-textos-de-fim-de-ano-e-nem-por-isso-ele-deveria-deixar-de-ser-escrito\/#respond\"]}]},{\"@type\":\"WebPage\",\"@id\":\"https:\/\/www.edicarlos.com\/este-provavelmente-e-mais-1-dos-diversos-textos-de-fim-de-ano-e-nem-por-isso-ele-deveria-deixar-de-ser-escrito\/\",\"url\":\"https:\/\/www.edicarlos.com\/este-provavelmente-e-mais-1-dos-diversos-textos-de-fim-de-ano-e-nem-por-isso-ele-deveria-deixar-de-ser-escrito\/\",\"name\":\"Este provavelmente \u00e9 mais 1 dos diversos textos de fim de ano - e nem por isso ele deveria deixar de ser escrito. - Blog do Edi\",\"isPartOf\":{\"@id\":\"https:\/\/www.edicarlos.com\/#website\"},\"datePublished\":\"2022-12-24T17:35:20+00:00\",\"dateModified\":\"2023-08-19T18:34:06+00:00\",\"author\":{\"@id\":\"https:\/\/www.edicarlos.com\/#\/schema\/person\/a0245f65f2ea7eb2ff23e4ed315354a4\"},\"breadcrumb\":{\"@id\":\"https:\/\/www.edicarlos.com\/este-provavelmente-e-mais-1-dos-diversos-textos-de-fim-de-ano-e-nem-por-isso-ele-deveria-deixar-de-ser-escrito\/#breadcrumb\"},\"inLanguage\":\"en-US\",\"potentialAction\":[{\"@type\":\"ReadAction\",\"target\":[\"https:\/\/www.edicarlos.com\/este-provavelmente-e-mais-1-dos-diversos-textos-de-fim-de-ano-e-nem-por-isso-ele-deveria-deixar-de-ser-escrito\/\"]}]},{\"@type\":\"BreadcrumbList\",\"@id\":\"https:\/\/www.edicarlos.com\/este-provavelmente-e-mais-1-dos-diversos-textos-de-fim-de-ano-e-nem-por-isso-ele-deveria-deixar-de-ser-escrito\/#breadcrumb\",\"itemListElement\":[{\"@type\":\"ListItem\",\"position\":1,\"name\":\"In\u00edcio\",\"item\":\"https:\/\/www.edicarlos.com\/\"},{\"@type\":\"ListItem\",\"position\":2,\"name\":\"Este provavelmente \u00e9 mais 1 dos diversos textos de fim de ano &#8211; e nem por isso ele deveria deixar de ser escrito.\"}]},{\"@type\":\"WebSite\",\"@id\":\"https:\/\/www.edicarlos.com\/#website\",\"url\":\"https:\/\/www.edicarlos.com\/\",\"name\":\"Blog do Edi\",\"description\":\"Um pouco sobre redes, tecnologia e reflex\u00e3o\",\"potentialAction\":[{\"@type\":\"SearchAction\",\"target\":{\"@type\":\"EntryPoint\",\"urlTemplate\":\"https:\/\/www.edicarlos.com\/?s={search_term_string}\"},\"query-input\":{\"@type\":\"PropertyValueSpecification\",\"valueRequired\":true,\"valueName\":\"search_term_string\"}}],\"inLanguage\":\"en-US\"},{\"@type\":\"Person\",\"@id\":\"https:\/\/www.edicarlos.com\/#\/schema\/person\/a0245f65f2ea7eb2ff23e4ed315354a4\",\"name\":\"Edi Carlos\",\"image\":{\"@type\":\"ImageObject\",\"inLanguage\":\"en-US\",\"@id\":\"https:\/\/www.edicarlos.com\/#\/schema\/person\/image\/\",\"url\":\"https:\/\/secure.gravatar.com\/avatar\/fc3748049801ef64ce3f4fcfd8a76680b6c5381a2071bc5d54f387965efa7def?s=96&d=mm&r=g\",\"contentUrl\":\"https:\/\/secure.gravatar.com\/avatar\/fc3748049801ef64ce3f4fcfd8a76680b6c5381a2071bc5d54f387965efa7def?s=96&d=mm&r=g\",\"caption\":\"Edi Carlos\"},\"url\":\"https:\/\/www.edicarlos.com\/en\/author\/edicarlosac\/\"}]}<\/script>\n<!-- \/ Yoast SEO plugin. -->","yoast_head_json":{"title":"Este provavelmente \u00e9 mais 1 dos diversos textos de fim de ano - e nem por isso ele deveria deixar de ser escrito. - Blog do Edi","robots":{"index":"index","follow":"follow","max-snippet":"max-snippet:-1","max-image-preview":"max-image-preview:large","max-video-preview":"max-video-preview:-1"},"canonical":"https:\/\/www.edicarlos.com\/en\/este-provavelmente-e-mais-1-dos-diversos-textos-de-fim-de-ano-e-nem-por-isso-ele-deveria-deixar-de-ser-escrito\/","og_locale":"en_US","og_type":"article","og_title":"Este provavelmente \u00e9 mais 1 dos diversos textos de fim de ano - e nem por isso ele deveria deixar de ser escrito. - Blog do Edi","og_description":"Em redes sociais \u00e9 bastante comum e natural somente o vi\u00e9s de sucesso e hist\u00f3rias apropriadas para acalentar os mais diversos sentimentos existentes. At\u00e9 agora isso s\u00e3o afirma\u00e7\u00f5es \u00f3bvias &#8211; aqui come\u00e7a o erro, \u00f3bvio para o autor, no caso eu.","og_url":"https:\/\/www.edicarlos.com\/en\/este-provavelmente-e-mais-1-dos-diversos-textos-de-fim-de-ano-e-nem-por-isso-ele-deveria-deixar-de-ser-escrito\/","og_site_name":"Blog do Edi","article_published_time":"2022-12-24T17:35:20+00:00","article_modified_time":"2023-08-19T18:34:06+00:00","author":"Edi Carlos","twitter_card":"summary_large_image","twitter_misc":{"Written by":"Edi Carlos","Est. reading time":"3 minutes"},"schema":{"@context":"https:\/\/schema.org","@graph":[{"@type":"Article","@id":"https:\/\/www.edicarlos.com\/este-provavelmente-e-mais-1-dos-diversos-textos-de-fim-de-ano-e-nem-por-isso-ele-deveria-deixar-de-ser-escrito\/#article","isPartOf":{"@id":"https:\/\/www.edicarlos.com\/este-provavelmente-e-mais-1-dos-diversos-textos-de-fim-de-ano-e-nem-por-isso-ele-deveria-deixar-de-ser-escrito\/"},"author":{"name":"Edi Carlos","@id":"https:\/\/www.edicarlos.com\/#\/schema\/person\/a0245f65f2ea7eb2ff23e4ed315354a4"},"headline":"Este provavelmente \u00e9 mais 1 dos diversos textos de fim de ano &#8211; e nem por isso ele deveria deixar de ser escrito.","datePublished":"2022-12-24T17:35:20+00:00","dateModified":"2023-08-19T18:34:06+00:00","mainEntityOfPage":{"@id":"https:\/\/www.edicarlos.com\/este-provavelmente-e-mais-1-dos-diversos-textos-de-fim-de-ano-e-nem-por-isso-ele-deveria-deixar-de-ser-escrito\/"},"wordCount":548,"commentCount":0,"inLanguage":"en-US","potentialAction":[{"@type":"CommentAction","name":"Comment","target":["https:\/\/www.edicarlos.com\/este-provavelmente-e-mais-1-dos-diversos-textos-de-fim-de-ano-e-nem-por-isso-ele-deveria-deixar-de-ser-escrito\/#respond"]}]},{"@type":"WebPage","@id":"https:\/\/www.edicarlos.com\/este-provavelmente-e-mais-1-dos-diversos-textos-de-fim-de-ano-e-nem-por-isso-ele-deveria-deixar-de-ser-escrito\/","url":"https:\/\/www.edicarlos.com\/este-provavelmente-e-mais-1-dos-diversos-textos-de-fim-de-ano-e-nem-por-isso-ele-deveria-deixar-de-ser-escrito\/","name":"Este provavelmente \u00e9 mais 1 dos diversos textos de fim de ano - e nem por isso ele deveria deixar de ser escrito. - Blog do Edi","isPartOf":{"@id":"https:\/\/www.edicarlos.com\/#website"},"datePublished":"2022-12-24T17:35:20+00:00","dateModified":"2023-08-19T18:34:06+00:00","author":{"@id":"https:\/\/www.edicarlos.com\/#\/schema\/person\/a0245f65f2ea7eb2ff23e4ed315354a4"},"breadcrumb":{"@id":"https:\/\/www.edicarlos.com\/este-provavelmente-e-mais-1-dos-diversos-textos-de-fim-de-ano-e-nem-por-isso-ele-deveria-deixar-de-ser-escrito\/#breadcrumb"},"inLanguage":"en-US","potentialAction":[{"@type":"ReadAction","target":["https:\/\/www.edicarlos.com\/este-provavelmente-e-mais-1-dos-diversos-textos-de-fim-de-ano-e-nem-por-isso-ele-deveria-deixar-de-ser-escrito\/"]}]},{"@type":"BreadcrumbList","@id":"https:\/\/www.edicarlos.com\/este-provavelmente-e-mais-1-dos-diversos-textos-de-fim-de-ano-e-nem-por-isso-ele-deveria-deixar-de-ser-escrito\/#breadcrumb","itemListElement":[{"@type":"ListItem","position":1,"name":"In\u00edcio","item":"https:\/\/www.edicarlos.com\/"},{"@type":"ListItem","position":2,"name":"Este provavelmente \u00e9 mais 1 dos diversos textos de fim de ano &#8211; e nem por isso ele deveria deixar de ser escrito."}]},{"@type":"WebSite","@id":"https:\/\/www.edicarlos.com\/#website","url":"https:\/\/www.edicarlos.com\/","name":"The blog of Edi","description":"(pronounced \"Eddie\") A little about computer networks, technology and reflection","potentialAction":[{"@type":"SearchAction","target":{"@type":"EntryPoint","urlTemplate":"https:\/\/www.edicarlos.com\/?s={search_term_string}"},"query-input":{"@type":"PropertyValueSpecification","valueRequired":true,"valueName":"search_term_string"}}],"inLanguage":"en-US"},{"@type":"Person","@id":"https:\/\/www.edicarlos.com\/#\/schema\/person\/a0245f65f2ea7eb2ff23e4ed315354a4","name":"Edi Carlos","image":{"@type":"ImageObject","inLanguage":"en-US","@id":"https:\/\/www.edicarlos.com\/#\/schema\/person\/image\/","url":"https:\/\/secure.gravatar.com\/avatar\/fc3748049801ef64ce3f4fcfd8a76680b6c5381a2071bc5d54f387965efa7def?s=96&d=mm&r=g","contentUrl":"https:\/\/secure.gravatar.com\/avatar\/fc3748049801ef64ce3f4fcfd8a76680b6c5381a2071bc5d54f387965efa7def?s=96&d=mm&r=g","caption":"Edi Carlos"},"url":"https:\/\/www.edicarlos.com\/en\/author\/edicarlosac\/"}]}},"jetpack_featured_media_url":"","jetpack_sharing_enabled":true,"_links":{"self":[{"href":"https:\/\/www.edicarlos.com\/en\/wp-json\/wp\/v2\/posts\/8178","targetHints":{"allow":["GET"]}}],"collection":[{"href":"https:\/\/www.edicarlos.com\/en\/wp-json\/wp\/v2\/posts"}],"about":[{"href":"https:\/\/www.edicarlos.com\/en\/wp-json\/wp\/v2\/types\/post"}],"author":[{"embeddable":true,"href":"https:\/\/www.edicarlos.com\/en\/wp-json\/wp\/v2\/users\/1"}],"replies":[{"embeddable":true,"href":"https:\/\/www.edicarlos.com\/en\/wp-json\/wp\/v2\/comments?post=8178"}],"version-history":[{"count":2,"href":"https:\/\/www.edicarlos.com\/en\/wp-json\/wp\/v2\/posts\/8178\/revisions"}],"predecessor-version":[{"id":8187,"href":"https:\/\/www.edicarlos.com\/en\/wp-json\/wp\/v2\/posts\/8178\/revisions\/8187"}],"wp:attachment":[{"href":"https:\/\/www.edicarlos.com\/en\/wp-json\/wp\/v2\/media?parent=8178"}],"wp:term":[{"taxonomy":"category","embeddable":true,"href":"https:\/\/www.edicarlos.com\/en\/wp-json\/wp\/v2\/categories?post=8178"},{"taxonomy":"post_tag","embeddable":true,"href":"https:\/\/www.edicarlos.com\/en\/wp-json\/wp\/v2\/tags?post=8178"}],"curies":[{"name":"wp","href":"https:\/\/api.w.org\/{rel}","templated":true}]}}